{"id":3030,"date":"2021-10-18T18:35:38","date_gmt":"2021-10-18T16:35:38","guid":{"rendered":"https:\/\/avrilenseptembre.fr\/?p=3030"},"modified":"2026-04-23T13:02:35","modified_gmt":"2026-04-23T11:02:35","slug":"jules-jo","status":"publish","type":"post","link":"https:\/\/avrilenseptembre.fr\/index.php\/2021\/10\/18\/jules-jo\/","title":{"rendered":"JULES &#038; JO"},"content":{"rendered":"\t\t<div data-elementor-type=\"wp-post\" data-elementor-id=\"3030\" class=\"elementor elementor-3030\">\n\t\t\t\t\t\t<div class=\"elementor-inner\">\n\t\t\t\t<div class=\"elementor-section-wrap\">\n\t\t\t\t\t\t\t\t\t<section class=\"elementor-section elementor-top-section elementor-element elementor-element-14eff11 elementor-section-boxed elementor-section-height-default elementor-section-height-default\" data-id=\"14eff11\" data-element_type=\"section\">\n\t\t\t\t\t\t<div class=\"elementor-container elementor-column-gap-default\">\n\t\t\t\t\t\t\t<div class=\"elementor-row\">\n\t\t\t\t\t<div class=\"elementor-column elementor-col-50 elementor-top-column elementor-element elementor-element-1a0ccbb\" data-id=\"1a0ccbb\" data-element_type=\"column\">\n\t\t\t<div class=\"elementor-column-wrap elementor-element-populated\">\n\t\t\t\t\t\t\t<div class=\"elementor-widget-wrap\">\n\t\t\t\t\t\t<div class=\"elementor-element elementor-element-259632af elementor-widget elementor-widget-heading\" data-id=\"259632af\" data-element_type=\"widget\" data-widget_type=\"heading.default\">\n\t\t\t\t<div class=\"elementor-widget-container\">\n\t\t\t<h2 class=\"elementor-heading-title elementor-size-large\">LE FUTUR EST G\u00c9NIAL<\/h2>\t\t<\/div>\n\t\t\t\t<\/div>\n\t\t\t\t<div class=\"elementor-element elementor-element-3805792 elementor-widget elementor-widget-heading\" data-id=\"3805792\" data-element_type=\"widget\" data-widget_type=\"heading.default\">\n\t\t\t\t<div class=\"elementor-widget-container\">\n\t\t\t<h4 class=\"elementor-heading-title elementor-size-medium\">Duo de chanson belge comico-surr\u00e9aliste<\/h4>\t\t<\/div>\n\t\t\t\t<\/div>\n\t\t\t\t<div class=\"elementor-element elementor-element-73b9ac6 elementor-widget elementor-widget-video\" data-id=\"73b9ac6\" data-element_type=\"widget\" data-settings=\"{&quot;youtube_url&quot;:&quot;https:\\\/\\\/www.youtube.com\\\/watch?v=L-3PIsKg0BA&quot;,&quot;autoplay&quot;:&quot;yes&quot;,&quot;video_type&quot;:&quot;youtube&quot;,&quot;controls&quot;:&quot;yes&quot;}\" data-widget_type=\"video.default\">\n\t\t\t\t<div class=\"elementor-widget-container\">\n\t\t\t\t\t<div class=\"elementor-wrapper elementor-open-inline\">\n\t\t\t<div class=\"elementor-video\"><\/div>\t\t<\/div>\n\t\t\t\t<\/div>\n\t\t\t\t<\/div>\n\t\t\t\t<div class=\"elementor-element elementor-element-d9703e5 elementor-widget elementor-widget-text-editor\" data-id=\"d9703e5\" data-element_type=\"widget\" data-widget_type=\"text-editor.default\">\n\t\t\t\t<div class=\"elementor-widget-container\">\n\t\t\t\t\t\t\t\t<div class=\"elementor-text-editor elementor-clearfix\">\n\t\t\t\t<p><strong>Le duo belge Jules &amp; Jo revient avec un nouvel album : \u00ab\u00a0Le Futur est G\u00e9nial\u00a0\u00bb.<\/strong><br \/><strong>Un 4\u00e8me disque hors-norme, qui prend le parti du non-sens &amp; de la folie douce, sombre &amp; joyeux \u00e0 la fois, jonglant avec nos n\u00e9vroses, dansant avec nos angoisses, et riant de nos avenirs incertains&#8230;<\/strong> <br \/>Boule de Cristal, Canard de Bain, Tapette \u00e0 mouches, Bilboquet, Lime \u00e0 Ongles, Moufles, Escabeau, et bien d&rsquo;autres&#8230;, <strong>autant d&rsquo;objets recycl\u00e9s par Jules &amp; Jo avec d\u00e9raison &amp; impertinence pour parler de rien, de nous, de vous, d&rsquo;un monde devenu fou.<\/strong> <br \/><strong>Onze morceaux inclassables, arrang\u00e9s &amp; d\u00e9rang\u00e9s<\/strong> par le producteur bruxellois Gil Mortio, d\u00e9traqu\u00e9s par le batteur li\u00e9geois Alain Deval, et m\u00ealant basses, claviers, guitares, drums, choeurs et exp\u00e9rimentations \u00e9lectroniques dans un inventaire exaltant &amp; hallucin\u00e9. <strong>Laur\u00e9ats de nombreux prix en France, Belgique &amp; Suisse, Julie Legait &amp; Matthias Billard continuent de creuser leur sillon.<\/strong> Enfants incertains de Katerine, Fontaine, Stellla ou des Rita Mitsouko, ils revendiquent depuis plus de 15 ans une \u201cchanson venue d\u2019ailleurs\u201d, foisonnante &amp; sans complexes.<\/p>\t\t\t\t\t<\/div>\n\t\t\t\t\t\t<\/div>\n\t\t\t\t<\/div>\n\t\t\t\t<div class=\"elementor-element elementor-element-a563a06 elementor-widget elementor-widget-heading\" data-id=\"a563a06\" data-element_type=\"widget\" data-widget_type=\"heading.default\">\n\t\t\t\t<div class=\"elementor-widget-container\">\n\t\t\t<h4 class=\"elementor-heading-title elementor-size-default\">PRESSE<\/h4>\t\t<\/div>\n\t\t\t\t<\/div>\n\t\t\t\t<div class=\"elementor-element elementor-element-d88b447 elementor-widget elementor-widget-text-editor\" data-id=\"d88b447\" data-element_type=\"widget\" data-widget_type=\"text-editor.default\">\n\t\t\t\t<div class=\"elementor-widget-container\">\n\t\t\t\t\t\t\t\t<div class=\"elementor-text-editor elementor-clearfix\">\n\t\t\t\t<p><strong>MUSIQ&rsquo;3, Real Siellez <\/strong>\u00ab\u00a0Michel Audiard disait \u00ab\u00a0Heureux soient les f\u00eal\u00e9s, ils laisseront passer la lumi\u00e8re\u00a0\u00bb. L\u2019album de J&amp;J est une faille gigantesque qui laisse passer une illumination, sur laquelle est pos\u00e9 beno\u00eetement un abat-jour. \u00c0 l\u2019instar d\u2019Alfred Jarry et de son travail litt\u00e9raire et pictural, ce nouvel opus \u00e9l\u00e8ve l\u2019absurde au rang d\u2019oeuvre d\u2019art.\u00a0\u00bb<br \/><strong>VIVANT MAG, Evelyne Karam <\/strong>\u00ab\u00a0Perch\u00e9, attendrissant, joyeux : le duo Jules et Jo nous fait aimer l&rsquo;absurde avec une joie de vivre communicative. Leurs chansons, o\u00f9 se m\u00ealent un cochonnet, une chaise de jardin d\u00e9laiss\u00e9e, la v\u00e9n\u00e9ration du caca de l&rsquo;aim\u00e9e, l&rsquo;amour abat-jour et le rap de la boule \u00e0 neige en disent long sur l&rsquo;imaginaire de nos deux artistes&#8230; Ils ne se prennent pas au s\u00e9rieux et leur spectacle, qu&rsquo;ils qualifient de \u00ab\u00a0Voyage de lumi\u00e8re existentiel\u00a0\u00bb est d&rsquo;une fra\u00eecheur contagieuse. (\u2026) Duo \u00e9trange et tr\u00e8s attachant \u00e0 d\u00e9couvrir absolument !\u00a0\u00bb<br \/><strong>RADIO ALBATROS, Gis\u00e8le Bihan <\/strong>\u00ab\u00a0(\u2026) Jules &amp; Jo nous emm\u00e8nent dans leur voyage de lumi\u00e8re et leurs chemins de r\u00e9ponses. Ils parlent d&rsquo;objets courants et de sujets s\u00e9rieux, mais au 10i\u00e8me degr\u00e9. C&rsquo;est de la po\u00e9sie d\u00e9cal\u00e9e, de la chanson \u00e0 double sens. Ce duo burlesque nous amuse et nous sort de nos carcans. Ce sont des Doux Dingues. Merci de nous lib\u00e9rer !\u00a0\u00bb<br \/><strong>FRANCOFANS, Annie-Claire Hilga <\/strong>\u00ab\u00a0(&#8230;) Riche inspiration et humour bondissant, voil\u00e0 l&rsquo;apanage de ce duo qui ose tout, Julie Legait et Matthias Billard dont on imagine mal qu&rsquo;il s&rsquo;ing\u00e9nie a perp\u00e9trer l&rsquo;esprit Jean-Christophe Averty. La viole de gambe, le clavecin, l&rsquo;orgue \u00e9lectronique apaise la torture de la lutte du concret contre l&rsquo;abstrait qui se d\u00e9roule avec d\u00e9lectation au long cours sur cet album fort illumin\u00e9.\u00a0\u00bb<br \/><strong>NOS ENCHANTEURS, Michel Kemper <\/strong>\u00ab\u00a0(\u2026) Jules &amp; Jo quittent les rives du rire pour pire encore, pour celui de l\u2019insolite, de l\u2019absurde, du non sens presque : une niche quasi vierge de la chanson o\u00f9 il peuvent s\u2019\u00e9battre \u00e0 l\u2019aise. En fait du non sens qui fait sens. En t\u00e9moignent ces quinze petits bijoux qui animent des objets (\u2026) C\u2019est, comment on dit ? Jouissif, c\u2019est \u00e7a ! Notre duo belge commet ici un opus de pur plaisir et de qualit\u00e9 sup\u00e9rieure. Commandez-le d\u00e8s maintenant, vous le passerez en boucle au prochain confinement : il vous semblera moins long.\u00a0\u00bb<\/p>\t\t\t\t\t<\/div>\n\t\t\t\t\t\t<\/div>\n\t\t\t\t<\/div>\n\t\t\t\t<div class=\"elementor-element elementor-element-2cbc5c1 elementor-arrows-position-inside elementor-widget elementor-widget-image-carousel\" data-id=\"2cbc5c1\" data-element_type=\"widget\" data-settings=\"{&quot;slides_to_show&quot;:&quot;1&quot;,&quot;navigation&quot;:&quot;arrows&quot;,&quot;autoplay&quot;:&quot;yes&quot;,&quot;pause_on_hover&quot;:&quot;yes&quot;,&quot;pause_on_interaction&quot;:&quot;yes&quot;,&quot;autoplay_speed&quot;:5000,&quot;infinite&quot;:&quot;yes&quot;,&quot;effect&quot;:&quot;slide&quot;,&quot;speed&quot;:500}\" data-widget_type=\"image-carousel.default\">\n\t\t\t\t<div class=\"elementor-widget-container\">\n\t\t\t\t\t<div class=\"elementor-image-carousel-wrapper swiper-container\" dir=\"ltr\">\n\t\t\t<div class=\"elementor-image-carousel swiper-wrapper\" aria-live=\"off\">\n\t\t\t\t\t\t\t\t<div class=\"swiper-slide\" role=\"group\" aria-roledescription=\"slide\" aria-label=\"1 de 5\"><figure class=\"swiper-slide-inner\"><img decoding=\"async\" class=\"swiper-slide-image\" src=\"https:\/\/avrilenseptembre.fr\/wp-content\/uploads\/2021\/10\/JJ-CONCERT-@Alice-Piemme-300x200.jpg\" alt=\"J&amp;J CONCERT (@Alice Piemme)\" \/><\/figure><\/div><div class=\"swiper-slide\" role=\"group\" aria-roledescription=\"slide\" aria-label=\"2 de 5\"><figure class=\"swiper-slide-inner\"><img decoding=\"async\" class=\"swiper-slide-image\" src=\"https:\/\/avrilenseptembre.fr\/wp-content\/uploads\/2021\/10\/JULES-JO-Avignon-@Alice-Piemme-300x200.jpg\" alt=\"JULES &amp; JO Avignon (@Alice Piemme)2\" \/><\/figure><\/div><div class=\"swiper-slide\" role=\"group\" aria-roledescription=\"slide\" aria-label=\"3 de 5\"><figure class=\"swiper-slide-inner\"><img decoding=\"async\" class=\"swiper-slide-image\" src=\"https:\/\/avrilenseptembre.fr\/wp-content\/uploads\/2021\/10\/Lara-Herbinia-17bis-2-300x231.jpeg\" alt=\"Lara Herbinia 17bis (2)\" \/><\/figure><\/div><div class=\"swiper-slide\" role=\"group\" aria-roledescription=\"slide\" aria-label=\"4 de 5\"><figure class=\"swiper-slide-inner\"><img decoding=\"async\" class=\"swiper-slide-image\" src=\"https:\/\/avrilenseptembre.fr\/wp-content\/uploads\/2025\/02\/WhatsApp-Image-2024-12-30-a-07.58.45_4d4a64cd-300x225.jpg\" alt=\"WhatsApp Image 2024-12-30 \u00e0 07.58.45_4d4a64cd\" \/><\/figure><\/div><div class=\"swiper-slide\" role=\"group\" aria-roledescription=\"slide\" aria-label=\"5 de 5\"><figure class=\"swiper-slide-inner\"><img decoding=\"async\" class=\"swiper-slide-image\" src=\"https:\/\/avrilenseptembre.fr\/wp-content\/uploads\/2025\/02\/JJ-VISUEL-2-@Catherine-Vandervelde-300x201.jpg\" alt=\"DSC_7545\" \/><\/figure><\/div>\t\t\t<\/div>\n\t\t\t\t\t\t\t\t\t\t\t\t<div class=\"elementor-swiper-button elementor-swiper-button-prev\" role=\"button\" tabindex=\"0\">\n\t\t\t\t\t\t<i aria-hidden=\"true\" class=\"eicon-chevron-left\"><\/i>\t\t\t\t\t<\/div>\n\t\t\t\t\t<div class=\"elementor-swiper-button elementor-swiper-button-next\" role=\"button\" tabindex=\"0\">\n\t\t\t\t\t\t<i aria-hidden=\"true\" class=\"eicon-chevron-right\"><\/i>\t\t\t\t\t<\/div>\n\t\t\t\t\n\t\t\t\t\t\t\t\t\t<\/div>\n\t\t\t\t<\/div>\n\t\t\t\t<\/div>\n\t\t\t\t<div class=\"elementor-element elementor-element-b30552c elementor-widget elementor-widget-spacer\" data-id=\"b30552c\" data-element_type=\"widget\" data-widget_type=\"spacer.default\">\n\t\t\t\t<div class=\"elementor-widget-container\">\n\t\t\t\t\t<div class=\"elementor-spacer\">\n\t\t\t<div class=\"elementor-spacer-inner\"><\/div>\n\t\t<\/div>\n\t\t\t\t<\/div>\n\t\t\t\t<\/div>\n\t\t\t\t<div class=\"elementor-element elementor-element-312515d elementor-widget elementor-widget-heading\" data-id=\"312515d\" data-element_type=\"widget\" data-widget_type=\"heading.default\">\n\t\t\t\t<div class=\"elementor-widget-container\">\n\t\t\t<h4 class=\"elementor-heading-title elementor-size-medium\">L'\u00c9QUIPE<\/h4>\t\t<\/div>\n\t\t\t\t<\/div>\n\t\t\t\t<div class=\"elementor-element elementor-element-91e0320 elementor-widget elementor-widget-text-editor\" data-id=\"91e0320\" data-element_type=\"widget\" data-widget_type=\"text-editor.default\">\n\t\t\t\t<div class=\"elementor-widget-container\">\n\t\t\t\t\t\t\t\t<div class=\"elementor-text-editor elementor-clearfix\">\n\t\t\t\t<p><strong>De et avec<\/strong> Matthias Billard et Julie Legait<br \/><strong>Cr\u00e9ation lumi\u00e8re<\/strong> Beno\u00eet Lavalard<br \/><strong>Son<\/strong> Edith Herregods<br \/><strong>Cr\u00e9dit Photo<\/strong> Alice Piemme et Catherine Vandervelde<br \/><span style=\"font-weight: bold;\">Diffusion France et Suisse<\/span>\u00a0<a href=\"http:\/\/avrilenseptembre.fr\/index.php\/avril-en-septembre\/\">Avril en Septembre<\/a>\u00a0<br \/><strong>Diffusion Belgique<\/strong> Du Vent Dans Les Cordes<\/p>\t\t\t\t\t<\/div>\n\t\t\t\t\t\t<\/div>\n\t\t\t\t<\/div>\n\t\t\t\t<div class=\"elementor-element elementor-element-fa5be9b elementor-widget elementor-widget-heading\" data-id=\"fa5be9b\" data-element_type=\"widget\" data-widget_type=\"heading.default\">\n\t\t\t\t<div class=\"elementor-widget-container\">\n\t\t\t<h5 class=\"elementor-heading-title elementor-size-default\">CAPTATION INT\u00c9GRALE DISPONIBLE<\/h5>\t\t<\/div>\n\t\t\t\t<\/div>\n\t\t\t\t\t\t<\/div>\n\t\t\t\t\t<\/div>\n\t\t<\/div>\n\t\t\t\t<div class=\"elementor-column elementor-col-50 elementor-top-column elementor-element elementor-element-547ef33\" data-id=\"547ef33\" data-element_type=\"column\">\n\t\t\t<div class=\"elementor-column-wrap elementor-element-populated\">\n\t\t\t\t\t\t\t<div class=\"elementor-widget-wrap\">\n\t\t\t\t\t\t<div class=\"elementor-element elementor-element-cfc850e elementor-widget elementor-widget-spacer\" data-id=\"cfc850e\" data-element_type=\"widget\" data-widget_type=\"spacer.default\">\n\t\t\t\t<div class=\"elementor-widget-container\">\n\t\t\t\t\t<div class=\"elementor-spacer\">\n\t\t\t<div class=\"elementor-spacer-inner\"><\/div>\n\t\t<\/div>\n\t\t\t\t<\/div>\n\t\t\t\t<\/div>\n\t\t\t\t<div class=\"elementor-element elementor-element-9888640 elementor-widget elementor-widget-heading\" data-id=\"9888640\" data-element_type=\"widget\" data-widget_type=\"heading.default\">\n\t\t\t\t<div class=\"elementor-widget-container\">\n\t\t\t<h3 class=\"elementor-heading-title elementor-size-default\">INFOS PRATIQUES<\/h3>\t\t<\/div>\n\t\t\t\t<\/div>\n\t\t\t\t<div class=\"elementor-element elementor-element-e248285 elementor-widget elementor-widget-text-editor\" data-id=\"e248285\" data-element_type=\"widget\" data-widget_type=\"text-editor.default\">\n\t\t\t\t<div class=\"elementor-widget-container\">\n\t\t\t\t\t\t\t\t<div class=\"elementor-text-editor elementor-clearfix\">\n\t\t\t\t<p><strong>DUR\u00c9E<\/strong> RUE 1h \/ SALLE 1h10<br \/><strong>PUBLIC<\/strong> \u00e0 partir de 14 ans<br \/>3 pers. en tourn\u00e9e<br \/><strong>PROVENANCE <\/strong>Bruxelles<\/p>\t\t\t\t\t<\/div>\n\t\t\t\t\t\t<\/div>\n\t\t\t\t<\/div>\n\t\t\t\t<div class=\"elementor-element elementor-element-b034dbb elementor-widget elementor-widget-heading\" data-id=\"b034dbb\" data-element_type=\"widget\" data-widget_type=\"heading.default\">\n\t\t\t\t<div class=\"elementor-widget-container\">\n\t\t\t<h4 class=\"elementor-heading-title elementor-size-medium\">TOURN\u00c9E 25-26<\/h4>\t\t<\/div>\n\t\t\t\t<\/div>\n\t\t\t\t<div class=\"elementor-element elementor-element-58ddb4e elementor-widget elementor-widget-text-editor\" data-id=\"58ddb4e\" data-element_type=\"widget\" data-widget_type=\"text-editor.default\">\n\t\t\t\t<div class=\"elementor-widget-container\">\n\t\t\t\t\t\t\t\t<div class=\"elementor-text-editor elementor-clearfix\">\n\t\t\t\t<p><span style=\"text-decoration: underline;\"><b>2026<\/b><\/span><b><br \/><\/b><b>25\/01 PETITE FOR\u00caT (59) <\/b>Espace Culturel Barbara<b><br \/><\/b><b>07\/02 MONCHEAUX (59)<\/b><b><br \/><\/b><b>12\/02 AUBAGNE (13)\u00a0<\/b><b><br \/><\/b><b>14\/02 NICE (06) <\/b>Th\u00e9\u00e2tre de la Cit\u00e9<b><br \/><\/b><b>20\/02 MARSEILLE (13)\u00a0<\/b><b><br \/><\/b><b>07\/03 THIONVILLE (57) <\/b>Sc\u00e8nes au Bar<br \/><b>11\/03 BIENNE (Suisse)\u00a0<\/b><b><br \/><\/b><b>12\/03 GEN\u00c8VE (Suisse) <\/b>Bars en F\u00eate<\/p><p><b>FESTIVAL OFF AVIGNON<br \/>Du 4 au 25 juillet\u00a0<\/b><b><br \/><\/b>LA FACTORY Salle Tomasi\u00a0<\/p><p><b>26\/07 ST DIZIER (52) <\/b>FESTIVAL CHI FOU MI<b><br \/><\/b><i><span style=\"font-weight: 400;\">29\/08 ST DIZIER (52) Aristide option <br \/><\/span><\/i><b>05\/09 COUCY LE CHATEAU (02)<\/b> Festival LES AUTOMNALES <b><br \/><\/b><b>06\/09 COUCY LE CHATEAU (02) <\/b>Festival LES AUTOMNALES<b><br \/><\/b><b>12\/09 TRAITI\u00c9FONTAINE (70) <\/b>La Gorgotte<\/p><p><span style=\"text-decoration: underline;\"><b>2027<\/b><\/span><b><br \/><\/b><i><span style=\"font-weight: 400;\">08\/01 PITHIVIERS (45) Le Donjon option <\/span><\/i><i><span style=\"font-weight: 400;\"><br \/><\/span><\/i><i><span style=\"font-weight: 400;\">09\/01 ST PIERRE DES CORPS (37) Centre Culturel option <\/span><\/i><\/p>\t\t\t\t\t<\/div>\n\t\t\t\t\t\t<\/div>\n\t\t\t\t<\/div>\n\t\t\t\t<div class=\"elementor-element elementor-element-35f8a80 elementor-widget elementor-widget-heading\" data-id=\"35f8a80\" data-element_type=\"widget\" data-widget_type=\"heading.default\">\n\t\t\t\t<div class=\"elementor-widget-container\">\n\t\t\t<h4 class=\"elementor-heading-title elementor-size-medium\">EXTRAITS<\/h4>\t\t<\/div>\n\t\t\t\t<\/div>\n\t\t\t\t<div class=\"elementor-element elementor-element-b75c608 elementor-widget elementor-widget-video\" data-id=\"b75c608\" data-element_type=\"widget\" data-settings=\"{&quot;youtube_url&quot;:&quot;https:\\\/\\\/www.youtube.com\\\/watch?v=LRBtNNfw_T0&quot;,&quot;video_type&quot;:&quot;youtube&quot;,&quot;controls&quot;:&quot;yes&quot;}\" data-widget_type=\"video.default\">\n\t\t\t\t<div class=\"elementor-widget-container\">\n\t\t\t\t\t<div class=\"elementor-wrapper elementor-open-inline\">\n\t\t\t<div class=\"elementor-video\"><\/div>\t\t<\/div>\n\t\t\t\t<\/div>\n\t\t\t\t<\/div>\n\t\t\t\t<div class=\"elementor-element elementor-element-8f3a668 elementor-widget elementor-widget-video\" data-id=\"8f3a668\" data-element_type=\"widget\" data-settings=\"{&quot;youtube_url&quot;:&quot;https:\\\/\\\/www.youtube.com\\\/watch?v=ROXqyJpvpWo&quot;,&quot;video_type&quot;:&quot;youtube&quot;,&quot;controls&quot;:&quot;yes&quot;}\" data-widget_type=\"video.default\">\n\t\t\t\t<div class=\"elementor-widget-container\">\n\t\t\t\t\t<div class=\"elementor-wrapper elementor-open-inline\">\n\t\t\t<div class=\"elementor-video\"><\/div>\t\t<\/div>\n\t\t\t\t<\/div>\n\t\t\t\t<\/div>\n\t\t\t\t<div class=\"elementor-element elementor-element-a50e466 elementor-widget elementor-widget-video\" data-id=\"a50e466\" data-element_type=\"widget\" data-settings=\"{&quot;youtube_url&quot;:&quot;https:\\\/\\\/www.youtube.com\\\/watch?v=W9eTwQfMv3Q&quot;,&quot;video_type&quot;:&quot;youtube&quot;,&quot;controls&quot;:&quot;yes&quot;}\" data-widget_type=\"video.default\">\n\t\t\t\t<div class=\"elementor-widget-container\">\n\t\t\t\t\t<div class=\"elementor-wrapper elementor-open-inline\">\n\t\t\t<div class=\"elementor-video\"><\/div>\t\t<\/div>\n\t\t\t\t<\/div>\n\t\t\t\t<\/div>\n\t\t\t\t<div class=\"elementor-element elementor-element-6341e7b elementor-widget elementor-widget-video\" data-id=\"6341e7b\" data-element_type=\"widget\" data-settings=\"{&quot;youtube_url&quot;:&quot;https:\\\/\\\/www.youtube.com\\\/watch?v=p0I5KiOyUhM&quot;,&quot;video_type&quot;:&quot;youtube&quot;,&quot;controls&quot;:&quot;yes&quot;}\" data-widget_type=\"video.default\">\n\t\t\t\t<div class=\"elementor-widget-container\">\n\t\t\t\t\t<div class=\"elementor-wrapper elementor-open-inline\">\n\t\t\t<div class=\"elementor-video\"><\/div>\t\t<\/div>\n\t\t\t\t<\/div>\n\t\t\t\t<\/div>\n\t\t\t\t\t\t<\/div>\n\t\t\t\t\t<\/div>\n\t\t<\/div>\n\t\t\t\t\t\t\t\t<\/div>\n\t\t\t\t\t<\/div>\n\t\t<\/section>\n\t\t\t\t\t\t\t\t\t<\/div>\n\t\t\t<\/div>\n\t\t\t\t\t<\/div>\n\t\t","protected":false},"excerpt":{"rendered":"<p>LE FUTUR EST G\u00c9NIAL Duo de chanson belge comico-surr\u00e9aliste https:\/\/www.youtube.com\/watch?v=L-3PIsKg0BA Le duo belge Jules &amp; Jo revient avec un nouvel album : \u00ab\u00a0Le Futur est G\u00e9nial\u00a0\u00bb.Un 4\u00e8me disque hors-norme, qui prend le parti du non-sens &amp; de la folie douce, sombre &amp; joyeux \u00e0 la fois, jonglant avec nos n\u00e9vroses, dansant avec nos angoisses, et &hellip; <a href=\"https:\/\/avrilenseptembre.fr\/index.php\/2021\/10\/18\/jules-jo\/\" class=\"more-link\">Continuer la lecture de <span class=\"screen-reader-text\">JULES &#038; JO<\/span><\/a><\/p>\n","protected":false},"author":1,"featured_media":0,"comment_status":"closed","ping_status":"open","sticky":false,"template":"elementor_header_footer","format":"standard","meta":{"sfsi_plus_gutenberg_text_before_share":"","sfsi_plus_gutenberg_show_text_before_share":"","sfsi_plus_gutenberg_icon_type":"","sfsi_plus_gutenberg_icon_alignemt":"","sfsi_plus_gutenburg_max_per_row":"","_mi_skip_tracking":false,"_monsterinsights_sitenote_active":false,"_monsterinsights_sitenote_note":"","_monsterinsights_sitenote_category":0},"categories":[6],"tags":[],"aioseo_notices":[],"_links":{"self":[{"href":"https:\/\/avrilenseptembre.fr\/index.php\/wp-json\/wp\/v2\/posts\/3030"}],"collection":[{"href":"https:\/\/avrilenseptembre.fr\/index.php\/wp-json\/wp\/v2\/posts"}],"about":[{"href":"https:\/\/avrilenseptembre.fr\/index.php\/wp-json\/wp\/v2\/types\/post"}],"author":[{"embeddable":true,"href":"https:\/\/avrilenseptembre.fr\/index.php\/wp-json\/wp\/v2\/users\/1"}],"replies":[{"embeddable":true,"href":"https:\/\/avrilenseptembre.fr\/index.php\/wp-json\/wp\/v2\/comments?post=3030"}],"version-history":[{"count":292,"href":"https:\/\/avrilenseptembre.fr\/index.php\/wp-json\/wp\/v2\/posts\/3030\/revisions"}],"predecessor-version":[{"id":11547,"href":"https:\/\/avrilenseptembre.fr\/index.php\/wp-json\/wp\/v2\/posts\/3030\/revisions\/11547"}],"wp:attachment":[{"href":"https:\/\/avrilenseptembre.fr\/index.php\/wp-json\/wp\/v2\/media?parent=3030"}],"wp:term":[{"taxonomy":"category","embeddable":true,"href":"https:\/\/avrilenseptembre.fr\/index.php\/wp-json\/wp\/v2\/categories?post=3030"},{"taxonomy":"post_tag","embeddable":true,"href":"https:\/\/avrilenseptembre.fr\/index.php\/wp-json\/wp\/v2\/tags?post=3030"}],"curies":[{"name":"wp","href":"https:\/\/api.w.org\/{rel}","templated":true}]}}