{"id":6344,"date":"2023-12-21T10:40:04","date_gmt":"2023-12-21T09:40:04","guid":{"rendered":"https:\/\/avrilenseptembre.fr\/?p=6344"},"modified":"2026-04-23T13:05:59","modified_gmt":"2026-04-23T11:05:59","slug":"cirque-des-mirages","status":"publish","type":"post","link":"https:\/\/avrilenseptembre.fr\/index.php\/2023\/12\/21\/cirque-des-mirages\/","title":{"rendered":"CIRQUE DES MIRAGES"},"content":{"rendered":"\t\t<div data-elementor-type=\"wp-post\" data-elementor-id=\"6344\" class=\"elementor elementor-6344\">\n\t\t\t\t\t\t<div class=\"elementor-inner\">\n\t\t\t\t<div class=\"elementor-section-wrap\">\n\t\t\t\t\t\t\t\t\t<section class=\"elementor-section elementor-top-section elementor-element elementor-element-34441152 elementor-section-full_width elementor-section-height-default elementor-section-height-default\" data-id=\"34441152\" data-element_type=\"section\">\n\t\t\t\t\t\t<div class=\"elementor-container elementor-column-gap-default\">\n\t\t\t\t\t\t\t<div class=\"elementor-row\">\n\t\t\t\t\t<div class=\"elementor-column elementor-col-66 elementor-top-column elementor-element elementor-element-31c055d\" data-id=\"31c055d\" data-element_type=\"column\">\n\t\t\t<div class=\"elementor-column-wrap elementor-element-populated\">\n\t\t\t\t\t\t\t<div class=\"elementor-widget-wrap\">\n\t\t\t\t\t\t<div class=\"elementor-element elementor-element-2d2fa29f e-transform elementor-widget elementor-widget-heading\" data-id=\"2d2fa29f\" data-element_type=\"widget\" data-settings=\"{&quot;_transform_translateX_effect&quot;:{&quot;unit&quot;:&quot;px&quot;,&quot;size&quot;:&quot;&quot;,&quot;sizes&quot;:[]},&quot;_transform_translateX_effect_tablet&quot;:{&quot;unit&quot;:&quot;px&quot;,&quot;size&quot;:&quot;&quot;,&quot;sizes&quot;:[]},&quot;_transform_translateX_effect_mobile&quot;:{&quot;unit&quot;:&quot;px&quot;,&quot;size&quot;:&quot;&quot;,&quot;sizes&quot;:[]},&quot;_transform_translateY_effect&quot;:{&quot;unit&quot;:&quot;px&quot;,&quot;size&quot;:&quot;&quot;,&quot;sizes&quot;:[]},&quot;_transform_translateY_effect_tablet&quot;:{&quot;unit&quot;:&quot;px&quot;,&quot;size&quot;:&quot;&quot;,&quot;sizes&quot;:[]},&quot;_transform_translateY_effect_mobile&quot;:{&quot;unit&quot;:&quot;px&quot;,&quot;size&quot;:&quot;&quot;,&quot;sizes&quot;:[]}}\" data-widget_type=\"heading.default\">\n\t\t\t\t<div class=\"elementor-widget-container\">\n\t\t\t<h2 class=\"elementor-heading-title elementor-size-large\">LE CIRQUE DES MIRAGES - Bo\u00eete de Pandore<\/h2>\t\t<\/div>\n\t\t\t\t<\/div>\n\t\t\t\t<div class=\"elementor-element elementor-element-a9a6405 elementor-widget elementor-widget-video\" data-id=\"a9a6405\" data-element_type=\"widget\" data-settings=\"{&quot;youtube_url&quot;:&quot;https:\\\/\\\/www.youtube.com\\\/watch?v=xfowRPLRj4M&quot;,&quot;video_type&quot;:&quot;youtube&quot;,&quot;controls&quot;:&quot;yes&quot;}\" data-widget_type=\"video.default\">\n\t\t\t\t<div class=\"elementor-widget-container\">\n\t\t\t\t\t<div class=\"elementor-wrapper elementor-open-inline\">\n\t\t\t<div class=\"elementor-video\"><\/div>\t\t<\/div>\n\t\t\t\t<\/div>\n\t\t\t\t<\/div>\n\t\t\t\t<div class=\"elementor-element elementor-element-9ad6c94 elementor-widget elementor-widget-text-editor\" data-id=\"9ad6c94\" data-element_type=\"widget\" data-widget_type=\"text-editor.default\">\n\t\t\t\t<div class=\"elementor-widget-container\">\n\t\t\t\t\t\t\t\t<div class=\"elementor-text-editor elementor-clearfix\">\n\t\t\t\t<p><strong>Le duo mythique du Cirque des Mirages c\u00e9l\u00e8bre ses 20 ans. <br \/>C\u2019est LE MOMENT de surprendre votre public avec puissance, pour une soir\u00e9e inoubliable.<\/strong> <br \/><strong>Serez-vous de la f\u00eate ? <\/strong><\/p>\t\t\t\t\t<\/div>\n\t\t\t\t\t\t<\/div>\n\t\t\t\t<\/div>\n\t\t\t\t<div class=\"elementor-element elementor-element-15be011f elementor-widget elementor-widget-text-editor\" data-id=\"15be011f\" data-element_type=\"widget\" data-widget_type=\"text-editor.default\">\n\t\t\t\t<div class=\"elementor-widget-container\">\n\t\t\t\t\t\t\t\t<div class=\"elementor-text-editor elementor-clearfix\">\n\t\t\t\t<p><strong>Ouvrez la bo\u00eete de Pandore&#8230;<\/strong> Tour \u00e0 tour conteur inqui\u00e9tant et chanteur envo\u00fbtant, Yanowski se d\u00e9ploie dans une gestuelle saisissante. Au piano, Parker mart\u00e8le une \u00e9trange rythmique avec une pr\u00e9cision de m\u00e9tronome.<\/p><p><strong><em>Ecrivains hallucin\u00e9s, po\u00e8tes assassins, voyageurs sans bagages, de chansons en histoires, d\u00e9couvrez un cort\u00e8ge de personnages d\u00e9cal\u00e9s dont le point commun est de participer \u00e0 la marche boiteuse du monde.<\/em><\/strong><\/p><p>Surr\u00e9alisme, expressionnisme, f\u00e9\u00e9rie, po\u00e9sie et r\u00e9volte habillent en permanence une prestation \u00e9poustouflante, absolument unique aujourd\u2019hui sur la sc\u00e8ne fran\u00e7aise. Un moment magistral pour un spectacle d\u2019une qualit\u00e9 extr\u00eame, et d\u2019un humour corrosif et insolent qui suscite frissons, explosions de rire, et ovations&#8230;<\/p>\t\t\t\t\t<\/div>\n\t\t\t\t\t\t<\/div>\n\t\t\t\t<\/div>\n\t\t\t\t<div class=\"elementor-element elementor-element-2c7b288 elementor-widget elementor-widget-heading\" data-id=\"2c7b288\" data-element_type=\"widget\" data-widget_type=\"heading.default\">\n\t\t\t\t<div class=\"elementor-widget-container\">\n\t\t\t<h3 class=\"elementor-heading-title elementor-size-medium\">PRESSE<\/h3>\t\t<\/div>\n\t\t\t\t<\/div>\n\t\t\t\t<div class=\"elementor-element elementor-element-99a683a elementor-widget elementor-widget-text-editor\" data-id=\"99a683a\" data-element_type=\"widget\" data-widget_type=\"text-editor.default\">\n\t\t\t\t<div class=\"elementor-widget-container\">\n\t\t\t\t\t\t\t\t<div class=\"elementor-text-editor elementor-clearfix\">\n\t\t\t\t<p><strong>TTT T\u00c9L\u00c9RAMA <\/strong>\u00ab Entrez dans le Cirque de ces mirages fascinants, qui se chantent, se miment, se racontent et se jouent de nous, en nous plantant dans la t\u00eate mille images \u00e9tourdissantes. \u00bb \u00ab Le plus cin\u00e9matographique des duos piano-voix. \u00bb<br \/><strong>PARISCOPE <\/strong>\u00ab Troublant et d\u00e9cadent, fantastique et fantasmagorique, dr\u00f4le et inqui\u00e9tant, tel est le duo \u00e9trange et sensationnel du Cirque des Mirages. \u00bb<br \/><strong>FRANCE INFO<\/strong> \u00ab Fr\u00e9missant et dr\u00f4le, dans la meilleure tradition du cabaret. \u00bb<br \/><strong>LE CANARD ENCHAIN\u00c9<\/strong>\u00ab Une ex\u00e9cution magistrale ! \u00bb<br \/><strong>LE FIGARO<\/strong> \u00ab Tout devient troublant, inqui\u00e9tant et r\u00e9jouissant. \u00bb<strong><br \/><\/strong><\/p>\t\t\t\t\t<\/div>\n\t\t\t\t\t\t<\/div>\n\t\t\t\t<\/div>\n\t\t\t\t<div class=\"elementor-element elementor-element-fb520ee elementor-arrows-position-inside elementor-widget elementor-widget-image-carousel\" data-id=\"fb520ee\" data-element_type=\"widget\" data-settings=\"{&quot;slides_to_show&quot;:&quot;1&quot;,&quot;navigation&quot;:&quot;arrows&quot;,&quot;autoplay&quot;:&quot;yes&quot;,&quot;pause_on_hover&quot;:&quot;yes&quot;,&quot;pause_on_interaction&quot;:&quot;yes&quot;,&quot;autoplay_speed&quot;:5000,&quot;infinite&quot;:&quot;yes&quot;,&quot;effect&quot;:&quot;slide&quot;,&quot;speed&quot;:500}\" data-widget_type=\"image-carousel.default\">\n\t\t\t\t<div class=\"elementor-widget-container\">\n\t\t\t\t\t<div class=\"elementor-image-carousel-wrapper swiper-container\" dir=\"ltr\">\n\t\t\t<div class=\"elementor-image-carousel swiper-wrapper\" aria-live=\"off\">\n\t\t\t\t\t\t\t\t<div class=\"swiper-slide\" role=\"group\" aria-roledescription=\"slide\" aria-label=\"1 de 5\"><figure class=\"swiper-slide-inner\"><img decoding=\"async\" class=\"swiper-slide-image\" src=\"https:\/\/avrilenseptembre.fr\/wp-content\/uploads\/2025\/11\/IMG_5597-1-300x214.jpeg\" alt=\"IMG_5597\" \/><\/figure><\/div><div class=\"swiper-slide\" role=\"group\" aria-roledescription=\"slide\" aria-label=\"2 de 5\"><figure class=\"swiper-slide-inner\"><img decoding=\"async\" class=\"swiper-slide-image\" src=\"https:\/\/avrilenseptembre.fr\/wp-content\/uploads\/2025\/11\/IMG_5598-300x215.jpeg\" alt=\"IMG_5598\" \/><\/figure><\/div><div class=\"swiper-slide\" role=\"group\" aria-roledescription=\"slide\" aria-label=\"3 de 5\"><figure class=\"swiper-slide-inner\"><img decoding=\"async\" class=\"swiper-slide-image\" src=\"https:\/\/avrilenseptembre.fr\/wp-content\/uploads\/2025\/11\/IMG_5594-300x214.jpeg\" alt=\"IMG_5594\" \/><\/figure><\/div><div class=\"swiper-slide\" role=\"group\" aria-roledescription=\"slide\" aria-label=\"4 de 5\"><figure class=\"swiper-slide-inner\"><img decoding=\"async\" class=\"swiper-slide-image\" src=\"https:\/\/avrilenseptembre.fr\/wp-content\/uploads\/2025\/11\/IMG_5596-1-300x214.jpeg\" alt=\"IMG_5596\" \/><\/figure><\/div><div class=\"swiper-slide\" role=\"group\" aria-roledescription=\"slide\" aria-label=\"5 de 5\"><figure class=\"swiper-slide-inner\"><img decoding=\"async\" class=\"swiper-slide-image\" src=\"https:\/\/avrilenseptembre.fr\/wp-content\/uploads\/2025\/11\/IMG_5599-1-300x214.jpeg\" alt=\"IMG_5599\" \/><\/figure><\/div>\t\t\t<\/div>\n\t\t\t\t\t\t\t\t\t\t\t\t<div class=\"elementor-swiper-button elementor-swiper-button-prev\" role=\"button\" tabindex=\"0\">\n\t\t\t\t\t\t<i aria-hidden=\"true\" class=\"eicon-chevron-left\"><\/i>\t\t\t\t\t<\/div>\n\t\t\t\t\t<div class=\"elementor-swiper-button elementor-swiper-button-next\" role=\"button\" tabindex=\"0\">\n\t\t\t\t\t\t<i aria-hidden=\"true\" class=\"eicon-chevron-right\"><\/i>\t\t\t\t\t<\/div>\n\t\t\t\t\n\t\t\t\t\t\t\t\t\t<\/div>\n\t\t\t\t<\/div>\n\t\t\t\t<\/div>\n\t\t\t\t<div class=\"elementor-element elementor-element-1ea6651 elementor-widget elementor-widget-spacer\" data-id=\"1ea6651\" data-element_type=\"widget\" data-widget_type=\"spacer.default\">\n\t\t\t\t<div class=\"elementor-widget-container\">\n\t\t\t\t\t<div class=\"elementor-spacer\">\n\t\t\t<div class=\"elementor-spacer-inner\"><\/div>\n\t\t<\/div>\n\t\t\t\t<\/div>\n\t\t\t\t<\/div>\n\t\t\t\t<div class=\"elementor-element elementor-element-fb517ff elementor-widget elementor-widget-heading\" data-id=\"fb517ff\" data-element_type=\"widget\" data-widget_type=\"heading.default\">\n\t\t\t\t<div class=\"elementor-widget-container\">\n\t\t\t<h3 class=\"elementor-heading-title elementor-size-medium\">L'\u00c9QUIPE<\/h3>\t\t<\/div>\n\t\t\t\t<\/div>\n\t\t\t\t<div class=\"elementor-element elementor-element-1bc06a13 elementor-widget elementor-widget-text-editor\" data-id=\"1bc06a13\" data-element_type=\"widget\" data-widget_type=\"text-editor.default\">\n\t\t\t\t<div class=\"elementor-widget-container\">\n\t\t\t\t\t\t\t\t<div class=\"elementor-text-editor elementor-clearfix\">\n\t\t\t\t<p><strong>Texte, voix, m\u00e9lodies<\/strong>\u00a0Yanowski<br \/><strong>Musique, piano <\/strong>Fred Parker<br \/><strong>Mise en sce\u0300ne<\/strong> Emmanuel Touchard<br \/><strong>Cre\u0301ation lumie\u0300re<\/strong> Fre\u0301de\u0301ric Bre\u0301mond<br \/><strong>Son<\/strong> Jean-Christophe Dumoitier<br \/><strong>Coproduction<\/strong> Le Cirque des Mirages Production &amp; pour les tourne\u0301es Avril en Septembre<\/p>\t\t\t\t\t<\/div>\n\t\t\t\t\t\t<\/div>\n\t\t\t\t<\/div>\n\t\t\t\t<div class=\"elementor-element elementor-element-9aee8b6 elementor-widget elementor-widget-heading\" data-id=\"9aee8b6\" data-element_type=\"widget\" data-widget_type=\"heading.default\">\n\t\t\t\t<div class=\"elementor-widget-container\">\n\t\t\t<h2 class=\"elementor-heading-title elementor-size-medium\">CAPTATION INT\u00c9GRALE DISPONIBLE<\/h2>\t\t<\/div>\n\t\t\t\t<\/div>\n\t\t\t\t\t\t<\/div>\n\t\t\t\t\t<\/div>\n\t\t<\/div>\n\t\t\t\t<div class=\"elementor-column elementor-col-33 elementor-top-column elementor-element elementor-element-5571d0cc\" data-id=\"5571d0cc\" data-element_type=\"column\">\n\t\t\t<div class=\"elementor-column-wrap elementor-element-populated\">\n\t\t\t\t\t\t\t<div class=\"elementor-widget-wrap\">\n\t\t\t\t\t\t<div class=\"elementor-element elementor-element-d83c948 elementor-widget elementor-widget-heading\" data-id=\"d83c948\" data-element_type=\"widget\" data-widget_type=\"heading.default\">\n\t\t\t\t<div class=\"elementor-widget-container\">\n\t\t\t<h3 class=\"elementor-heading-title elementor-size-medium\">INFOS PRATIQUES<\/h3>\t\t<\/div>\n\t\t\t\t<\/div>\n\t\t\t\t<div class=\"elementor-element elementor-element-083f036 elementor-widget elementor-widget-text-editor\" data-id=\"083f036\" data-element_type=\"widget\" data-widget_type=\"text-editor.default\">\n\t\t\t\t<div class=\"elementor-widget-container\">\n\t\t\t\t\t\t\t\t<div class=\"elementor-text-editor elementor-clearfix\">\n\t\t\t\t<p><strong>DUR\u00c9E <\/strong>1h15<strong><br \/>PUBLIC <\/strong>Tout public \u00e0 partir de 14 ans<strong><br \/><\/strong>3 perS. en tourn\u00e9e<br \/><strong>PROVENANCE<\/strong> \u00cele-de-France<\/p>\t\t\t\t\t<\/div>\n\t\t\t\t\t\t<\/div>\n\t\t\t\t<\/div>\n\t\t\t\t<div class=\"elementor-element elementor-element-e69b7b0 elementor-widget elementor-widget-heading\" data-id=\"e69b7b0\" data-element_type=\"widget\" data-widget_type=\"heading.default\">\n\t\t\t\t<div class=\"elementor-widget-container\">\n\t\t\t<h3 class=\"elementor-heading-title elementor-size-default\">TOURN\u00c9E 25-26<\/h3>\t\t<\/div>\n\t\t\t\t<\/div>\n\t\t\t\t<div class=\"elementor-element elementor-element-dd1a1ff elementor-widget elementor-widget-text-editor\" data-id=\"dd1a1ff\" data-element_type=\"widget\" data-widget_type=\"text-editor.default\">\n\t\t\t\t<div class=\"elementor-widget-container\">\n\t\t\t\t\t\t\t\t<div class=\"elementor-text-editor elementor-clearfix\">\n\t\t\t\t<p><b><span style=\"text-decoration: underline;\">2026<\/span><br \/><\/b><b>17\/02 PARIS (75)<\/b><span style=\"font-weight: 400;\"> Th\u00e9\u00e2tre Dejazet<\/span><b><br \/><\/b><b>03\/03 PARIS (75)<\/b><span style=\"font-weight: 400;\"> Th\u00e9\u00e2tre Dejazet\u00a0<br \/><\/span><b>9\/04 PERTUIS (84) <\/b><span style=\"font-weight: 400;\">Th\u00e9\u00e2tre de Pertuis<\/span><span style=\"font-weight: 400;\"><br \/><\/span><i><span style=\"font-weight: 400;\">31\/05<\/span><\/i><i><span style=\"font-weight: 400;\"> BRETTEVILLE SUR ODON\u00a0 \u00ab\u00a0Bretteville en sc\u00e8ne\u00a0\u00bb option<br \/><\/span><\/i><i><span style=\"font-weight: 400;\">13\/11 VILLIERS S\/MARNE (94) Auditorium option <br \/><\/span><\/i><strong>14\/11 BAILLY ROMAINVILLIERS (77)<\/strong><\/p><p><b><span style=\"text-decoration: underline;\">2027<\/span><br \/><\/b><i><span style=\"font-weight: 400;\">28\/01 NICE (06) Th\u00e9\u00e2tre de la Cit\u00e9 option <br \/><\/span><\/i><i><span style=\"font-weight: 400;\">12\/03 HY\u00c8RES (83) option<\/span><\/i><\/p>\t\t\t\t\t<\/div>\n\t\t\t\t\t\t<\/div>\n\t\t\t\t<\/div>\n\t\t\t\t<div class=\"elementor-element elementor-element-45e0dc0 elementor-widget elementor-widget-video\" data-id=\"45e0dc0\" data-element_type=\"widget\" data-settings=\"{&quot;youtube_url&quot;:&quot;https:\\\/\\\/www.youtube.com\\\/watch?v=kyceyDNoM7s&quot;,&quot;video_type&quot;:&quot;youtube&quot;,&quot;controls&quot;:&quot;yes&quot;}\" data-widget_type=\"video.default\">\n\t\t\t\t<div class=\"elementor-widget-container\">\n\t\t\t\t\t<div class=\"elementor-wrapper elementor-open-inline\">\n\t\t\t<div class=\"elementor-video\"><\/div>\t\t<\/div>\n\t\t\t\t<\/div>\n\t\t\t\t<\/div>\n\t\t\t\t\t\t<\/div>\n\t\t\t\t\t<\/div>\n\t\t<\/div>\n\t\t\t\t\t\t\t\t<\/div>\n\t\t\t\t\t<\/div>\n\t\t<\/section>\n\t\t\t\t\t\t\t\t\t<\/div>\n\t\t\t<\/div>\n\t\t\t\t\t<\/div>\n\t\t","protected":false},"excerpt":{"rendered":"<p>LE CIRQUE DES MIRAGES &#8211; Bo\u00eete de Pandore https:\/\/www.youtube.com\/watch?v=xfowRPLRj4M Le duo mythique du Cirque des Mirages c\u00e9l\u00e8bre ses 20 ans. C\u2019est LE MOMENT de surprendre votre public avec puissance, pour une soir\u00e9e inoubliable. Serez-vous de la f\u00eate ? Ouvrez la bo\u00eete de Pandore&#8230; Tour \u00e0 tour conteur inqui\u00e9tant et chanteur envo\u00fbtant, Yanowski se d\u00e9ploie dans &hellip; <a href=\"https:\/\/avrilenseptembre.fr\/index.php\/2023\/12\/21\/cirque-des-mirages\/\" class=\"more-link\">Continuer la lecture de <span class=\"screen-reader-text\">CIRQUE DES MIRAGES<\/span><\/a><\/p>\n","protected":false},"author":1,"featured_media":0,"comment_status":"closed","ping_status":"open","sticky":false,"template":"elementor_header_footer","format":"standard","meta":{"sfsi_plus_gutenberg_text_before_share":"","sfsi_plus_gutenberg_show_text_before_share":"","sfsi_plus_gutenberg_icon_type":"","sfsi_plus_gutenberg_icon_alignemt":"","sfsi_plus_gutenburg_max_per_row":"","_mi_skip_tracking":false,"_monsterinsights_sitenote_active":false,"_monsterinsights_sitenote_note":"","_monsterinsights_sitenote_category":0},"categories":[6],"tags":[],"aioseo_notices":[],"_links":{"self":[{"href":"https:\/\/avrilenseptembre.fr\/index.php\/wp-json\/wp\/v2\/posts\/6344"}],"collection":[{"href":"https:\/\/avrilenseptembre.fr\/index.php\/wp-json\/wp\/v2\/posts"}],"about":[{"href":"https:\/\/avrilenseptembre.fr\/index.php\/wp-json\/wp\/v2\/types\/post"}],"author":[{"embeddable":true,"href":"https:\/\/avrilenseptembre.fr\/index.php\/wp-json\/wp\/v2\/users\/1"}],"replies":[{"embeddable":true,"href":"https:\/\/avrilenseptembre.fr\/index.php\/wp-json\/wp\/v2\/comments?post=6344"}],"version-history":[{"count":147,"href":"https:\/\/avrilenseptembre.fr\/index.php\/wp-json\/wp\/v2\/posts\/6344\/revisions"}],"predecessor-version":[{"id":11556,"href":"https:\/\/avrilenseptembre.fr\/index.php\/wp-json\/wp\/v2\/posts\/6344\/revisions\/11556"}],"wp:attachment":[{"href":"https:\/\/avrilenseptembre.fr\/index.php\/wp-json\/wp\/v2\/media?parent=6344"}],"wp:term":[{"taxonomy":"category","embeddable":true,"href":"https:\/\/avrilenseptembre.fr\/index.php\/wp-json\/wp\/v2\/categories?post=6344"},{"taxonomy":"post_tag","embeddable":true,"href":"https:\/\/avrilenseptembre.fr\/index.php\/wp-json\/wp\/v2\/tags?post=6344"}],"curies":[{"name":"wp","href":"https:\/\/api.w.org\/{rel}","templated":true}]}}